{"id":1375,"date":"2026-02-20T15:00:00","date_gmt":"2026-02-20T14:00:00","guid":{"rendered":"https:\/\/ola-stromberg.se\/?p=1375"},"modified":"2026-02-20T15:00:00","modified_gmt":"2026-02-20T14:00:00","slug":"ledning-efter-vintersasongen","status":"publish","type":"post","link":"https:\/\/wp.ola-stromberg.se\/index.php\/2026\/02\/20\/ledning-efter-vintersasongen\/","title":{"rendered":"Ledning efter vinters\u00e4songen"},"content":{"rendered":"\n<h2 class=\"wp-block-heading\">H\u00e4rjedalsbrickan 2026-02-14 <\/h2>\n\n\n\n<figure class=\"wp-block-image size-large\"><img loading=\"lazy\" decoding=\"async\" width=\"1024\" height=\"576\" src=\"https:\/\/ola-stromberg.se\/wp-content\/uploads\/2026\/02\/BM-Vasteras-1024x576.jpg\" alt=\"\" class=\"wp-image-1377\" srcset=\"https:\/\/wp.ola-stromberg.se\/wp-content\/uploads\/2026\/02\/BM-Vasteras-1024x576.jpg 1024w, https:\/\/wp.ola-stromberg.se\/wp-content\/uploads\/2026\/02\/BM-Vasteras-300x169.jpg 300w, https:\/\/wp.ola-stromberg.se\/wp-content\/uploads\/2026\/02\/BM-Vasteras-768x432.jpg 768w, https:\/\/wp.ola-stromberg.se\/wp-content\/uploads\/2026\/02\/BM-Vasteras-1536x864.jpg 1536w, https:\/\/wp.ola-stromberg.se\/wp-content\/uploads\/2026\/02\/BM-Vasteras-2048x1152.jpg 2048w\" sizes=\"auto, (max-width: 1024px) 100vw, 1024px\" \/><figcaption class=\"wp-element-caption\"><strong>Riktigt kul att Brittmarie kunde \u00e5ka med. Hon kom p\u00e5 Torsdagskv\u00e4llen till V\u00e4ster\u00e5s tack vare att v\u00e4nnerna H\u00e5kan o Lisbeth tog hand om Walter.<\/strong><\/figcaption><\/figure>\n\n\n\n<p>Det tog hela dagen att k\u00f6ra de 37 milen upp till Sveg men d\u00e5 gjorde vi en avstickare till Jan-Erik i Sukkafabriken, Bl\u00f6tberget och hann \u00e4ven med att k\u00e4ka semlor p\u00e5 Biltema d\u00e4r i Ludvika.<\/p>\n\n\n\n<p>V\u00e4l framme hittade vi v\u00e5rt boende i en liten villa p\u00e5 g\u00e5ngavst\u00e5nd till HQ. D\u00e4r fanns tillg\u00e5ng till str\u00f6m s\u00e5 vi kunde h\u00e5lla Lazlos motor ljummen under k\u00e5pan i den tjugogradiga kylan. \u00c4ven Doris fick ha en fl\u00e4kt inne i sig f\u00f6r att inte allt skulle frysa ihop totalt. B\u00e4st var att Elisabeth hade fixat mat till kv\u00e4llen s\u00e5 vi slapp den tr\u00e5kiga pizzerian. Bra och lugn uppladdning.<\/p>\n\n\n\n<figure class=\"wp-block-image size-large\"><img loading=\"lazy\" decoding=\"async\" width=\"1024\" height=\"576\" src=\"https:\/\/ola-stromberg.se\/wp-content\/uploads\/2026\/02\/BM-bes-Sveg-1024x576.jpg\" alt=\"\" class=\"wp-image-1378\" srcset=\"https:\/\/wp.ola-stromberg.se\/wp-content\/uploads\/2026\/02\/BM-bes-Sveg-1024x576.jpg 1024w, https:\/\/wp.ola-stromberg.se\/wp-content\/uploads\/2026\/02\/BM-bes-Sveg-300x169.jpg 300w, https:\/\/wp.ola-stromberg.se\/wp-content\/uploads\/2026\/02\/BM-bes-Sveg-768x432.jpg 768w, https:\/\/wp.ola-stromberg.se\/wp-content\/uploads\/2026\/02\/BM-bes-Sveg-1536x864.jpg 1536w, https:\/\/wp.ola-stromberg.se\/wp-content\/uploads\/2026\/02\/BM-bes-Sveg-2048x1152.jpg 2048w\" sizes=\"auto, (max-width: 1024px) 100vw, 1024px\" \/><figcaption class=\"wp-element-caption\">F\u00f6rst i k\u00f6n som vanligt.<\/figcaption><\/figure>\n\n\n\n<p>Uppstigning halv sex f\u00f6r att veta vi kunde f\u00e5 ig\u00e5ng fordonen och vara p\u00e5 ortens gummiverkstad i god tid f\u00f6re sju. V\u00e5ra f\u00f6rberedelser bar frukt och vi kunde besikta i lugn och ro. Klockan \u00e5tta var vi tillbaka till Skidstadion d\u00e4r start o M\u00e5l var f\u00f6rlagt. Efter en stunds letande hittade vi ett str\u00f6muttag som vi placerade oss j\u00e4mte och kunde f\u00f6rs\u00e4kra oss om att ha lite v\u00e4rme i servicebussen. Viktigt f\u00f6r Erik och Elisabeth i den nu tjugo\u00e5ttagradiga kylan. <\/p>\n\n\n\n<figure class=\"wp-block-image size-large\"><img loading=\"lazy\" decoding=\"async\" width=\"576\" height=\"1024\" src=\"https:\/\/ola-stromberg.se\/wp-content\/uploads\/2026\/02\/minus-32-576x1024.jpg\" alt=\"\" class=\"wp-image-1379\" srcset=\"https:\/\/wp.ola-stromberg.se\/wp-content\/uploads\/2026\/02\/minus-32-576x1024.jpg 576w, https:\/\/wp.ola-stromberg.se\/wp-content\/uploads\/2026\/02\/minus-32-169x300.jpg 169w, https:\/\/wp.ola-stromberg.se\/wp-content\/uploads\/2026\/02\/minus-32-768x1365.jpg 768w, https:\/\/wp.ola-stromberg.se\/wp-content\/uploads\/2026\/02\/minus-32-864x1536.jpg 864w, https:\/\/wp.ola-stromberg.se\/wp-content\/uploads\/2026\/02\/minus-32-1152x2048.jpg 1152w, https:\/\/wp.ola-stromberg.se\/wp-content\/uploads\/2026\/02\/minus-32-scaled.jpg 1440w\" sizes=\"auto, (max-width: 576px) 100vw, 576px\" \/><\/figure>\n\n\n\n<p>T\u00e4vlingsledaren \u00d6rjan Eriksson som varit oerh\u00f6rt tillm\u00f6tesg\u00e5ende mot oss i cupen och l\u00e5nade ut sin egen personbil till oss f\u00f6r att kunna rekognosera, vilket var obligatoriskt. Vi skulle ju \u00e5ka efter helt nya noter som en lokal f\u00f6rare hade skrivit. N\u00e4r vi k\u00f6rde reccen med Erik och Elisabeth i baks\u00e4tet s\u00e5 kr\u00f6p tempen ner till minus 32 grader!<\/p>\n\n\n\n<figure class=\"wp-block-gallery has-nested-images columns-default is-cropped wp-block-gallery-1 is-layout-flex wp-block-gallery-is-layout-flex\">\n<figure class=\"wp-block-image size-large\"><img loading=\"lazy\" decoding=\"async\" width=\"1024\" height=\"576\" data-id=\"1380\" src=\"https:\/\/ola-stromberg.se\/wp-content\/uploads\/2026\/02\/Bm-EB-Sveg-1024x576.jpg\" alt=\"\" class=\"wp-image-1380\" srcset=\"https:\/\/wp.ola-stromberg.se\/wp-content\/uploads\/2026\/02\/Bm-EB-Sveg-1024x576.jpg 1024w, https:\/\/wp.ola-stromberg.se\/wp-content\/uploads\/2026\/02\/Bm-EB-Sveg-300x169.jpg 300w, https:\/\/wp.ola-stromberg.se\/wp-content\/uploads\/2026\/02\/Bm-EB-Sveg-768x432.jpg 768w, https:\/\/wp.ola-stromberg.se\/wp-content\/uploads\/2026\/02\/Bm-EB-Sveg-1536x864.jpg 1536w, https:\/\/wp.ola-stromberg.se\/wp-content\/uploads\/2026\/02\/Bm-EB-Sveg-2048x1152.jpg 2048w\" sizes=\"auto, (max-width: 1024px) 100vw, 1024px\" \/><figcaption class=\"wp-element-caption\">V\u00e4l p\u00e5p\u00e4lsade<\/figcaption><\/figure>\n\n\n\n<figure class=\"wp-block-image size-large\"><img loading=\"lazy\" decoding=\"async\" width=\"576\" height=\"1024\" data-id=\"1381\" src=\"https:\/\/ola-stromberg.se\/wp-content\/uploads\/2026\/02\/Erik-Sveg-576x1024.jpg\" alt=\"\" class=\"wp-image-1381\" srcset=\"https:\/\/wp.ola-stromberg.se\/wp-content\/uploads\/2026\/02\/Erik-Sveg-576x1024.jpg 576w, https:\/\/wp.ola-stromberg.se\/wp-content\/uploads\/2026\/02\/Erik-Sveg-169x300.jpg 169w, https:\/\/wp.ola-stromberg.se\/wp-content\/uploads\/2026\/02\/Erik-Sveg-768x1365.jpg 768w, https:\/\/wp.ola-stromberg.se\/wp-content\/uploads\/2026\/02\/Erik-Sveg-864x1536.jpg 864w, https:\/\/wp.ola-stromberg.se\/wp-content\/uploads\/2026\/02\/Erik-Sveg-1152x2048.jpg 1152w, https:\/\/wp.ola-stromberg.se\/wp-content\/uploads\/2026\/02\/Erik-Sveg-scaled.jpg 1440w\" sizes=\"auto, (max-width: 576px) 100vw, 576px\" \/><figcaption class=\"wp-element-caption\">L\u00e4tt att bli kall om fingrarna<\/figcaption><\/figure>\n<\/figure>\n\n\n\n<figure class=\"wp-block-image size-large\"><img loading=\"lazy\" decoding=\"async\" width=\"1024\" height=\"681\" src=\"https:\/\/ola-stromberg.se\/wp-content\/uploads\/2026\/02\/Bm-Ola-Sveg-1024x681.jpg\" alt=\"\" class=\"wp-image-1382\" srcset=\"https:\/\/wp.ola-stromberg.se\/wp-content\/uploads\/2026\/02\/Bm-Ola-Sveg-1024x681.jpg 1024w, https:\/\/wp.ola-stromberg.se\/wp-content\/uploads\/2026\/02\/Bm-Ola-Sveg-300x199.jpg 300w, https:\/\/wp.ola-stromberg.se\/wp-content\/uploads\/2026\/02\/Bm-Ola-Sveg-768x511.jpg 768w, https:\/\/wp.ola-stromberg.se\/wp-content\/uploads\/2026\/02\/Bm-Ola-Sveg-1536x1021.jpg 1536w, https:\/\/wp.ola-stromberg.se\/wp-content\/uploads\/2026\/02\/Bm-Ola-Sveg-2048x1362.jpg 2048w\" sizes=\"auto, (max-width: 1024px) 100vw, 1024px\" \/><figcaption class=\"wp-element-caption\">Sj\u00e4lva hade vi tagit med oss &#8221;av\u00e5karkl\u00e4der&#8221; \u00e5 jag hade raggsockor p\u00e5 utanp\u00e5 skorna. G\u00e4ller att h\u00e5lla huvudet varmt.<\/figcaption><\/figure>\n\n\n\n<p>Sj\u00e4lva t\u00e4vlingen blev stressig d\u00e5 man f\u00f6rst utan att meddela oss hade flyttat starten fr\u00e5n 12:15 till 12:00. D\u00e5 stod vi och tankade. S\u00e5 det blev fortk\u00f6rning till SS1 d\u00e4r vi hann precis p\u00e5 minuten 12:10 men gubbarna skrev \u00e4nd\u00e5 12:11. Allts\u00e5 att vi var en minut f\u00f6rsent. Sen ville de vi skulle starta 12:11 \u00e5x\u00e5!! Vi hade ju inte hunnit f\u00e5 p\u00e5 hj\u00e4lmarna s\u00e5 vi protesterade h\u00f6gljutt och fick starttiden \u00e4ndrad till 12:13. Det blev lite st\u00f6kigt s\u00e5 jag hann helt enkelt inte s\u00e4tta p\u00e5 kameran f\u00f6re start. Lika bra det kanske f\u00f6r tiden var inget att skryta med. Delvis tror jag det berodde p\u00e5 r\u00f6ran innan start. Kan \u00e5x\u00e5 n\u00e4mnas att vi k\u00f6rde r\u00e4tt in till startlinjen. Det fanns allts\u00e5 ingen ankomst TK.<br>Sen hann vi lugna ner oss p\u00e5 v\u00e4gen till SS2 men det var lika st\u00f6kigt d\u00e4r vid starten. Efter en del palaver s\u00e5 kom vi oss iv\u00e4g. Tiden blev medelm\u00e5ttig och vi slutade femma d\u00e4r.<br>Tillbaka till servicen skulle vi f\u00e5 trettio minuter att skruva p\u00e5. Eftersom vi var tidiga s\u00e5 r\u00e4knade vi med mer tid. Men nej. Det var 30 min fr\u00e5n det vi kom in&#8230;  Mycket nytt f\u00f6r oss som inget visste.<\/p>\n\n\n\n<p>Sedan omstart f\u00f6r att g\u00f6ra varvet igen. D\u00e5 var vi vilsna d\u00e5 startklockan och v\u00e5r egen visade en minuts differens. Bara att gilla l\u00e4get tydligen. <\/p>\n\n\n\n<figure class=\"wp-block-gallery has-nested-images columns-default is-cropped wp-block-gallery-2 is-layout-flex wp-block-gallery-is-layout-flex\">\n<figure class=\"wp-block-image size-large\"><img loading=\"lazy\" decoding=\"async\" width=\"1024\" height=\"768\" data-id=\"1400\" src=\"https:\/\/ola-stromberg.se\/wp-content\/uploads\/2026\/02\/SS2-1-1-1024x768.jpg\" alt=\"\" class=\"wp-image-1400\" srcset=\"https:\/\/wp.ola-stromberg.se\/wp-content\/uploads\/2026\/02\/SS2-1-1-1024x768.jpg 1024w, https:\/\/wp.ola-stromberg.se\/wp-content\/uploads\/2026\/02\/SS2-1-1-300x225.jpg 300w, https:\/\/wp.ola-stromberg.se\/wp-content\/uploads\/2026\/02\/SS2-1-1-768x576.jpg 768w, https:\/\/wp.ola-stromberg.se\/wp-content\/uploads\/2026\/02\/SS2-1-1-1536x1152.jpg 1536w, https:\/\/wp.ola-stromberg.se\/wp-content\/uploads\/2026\/02\/SS2-1-1-2048x1536.jpg 2048w\" sizes=\"auto, (max-width: 1024px) 100vw, 1024px\" \/><\/figure>\n\n\n\n<figure class=\"wp-block-image size-large\"><img loading=\"lazy\" decoding=\"async\" width=\"1024\" height=\"768\" data-id=\"1403\" src=\"https:\/\/ola-stromberg.se\/wp-content\/uploads\/2026\/02\/SS2-2-1-1024x768.jpg\" alt=\"\" class=\"wp-image-1403\" srcset=\"https:\/\/wp.ola-stromberg.se\/wp-content\/uploads\/2026\/02\/SS2-2-1-1024x768.jpg 1024w, https:\/\/wp.ola-stromberg.se\/wp-content\/uploads\/2026\/02\/SS2-2-1-300x225.jpg 300w, https:\/\/wp.ola-stromberg.se\/wp-content\/uploads\/2026\/02\/SS2-2-1-768x576.jpg 768w, https:\/\/wp.ola-stromberg.se\/wp-content\/uploads\/2026\/02\/SS2-2-1-1536x1152.jpg 1536w, https:\/\/wp.ola-stromberg.se\/wp-content\/uploads\/2026\/02\/SS2-2-1-2048x1536.jpg 2048w\" sizes=\"auto, (max-width: 1024px) 100vw, 1024px\" \/><\/figure>\n\n\n\n<figure class=\"wp-block-image size-large\"><img loading=\"lazy\" decoding=\"async\" width=\"1024\" height=\"768\" data-id=\"1402\" src=\"https:\/\/ola-stromberg.se\/wp-content\/uploads\/2026\/02\/SS2-3-1-1024x768.jpg\" alt=\"\" class=\"wp-image-1402\" srcset=\"https:\/\/wp.ola-stromberg.se\/wp-content\/uploads\/2026\/02\/SS2-3-1-1024x768.jpg 1024w, https:\/\/wp.ola-stromberg.se\/wp-content\/uploads\/2026\/02\/SS2-3-1-300x225.jpg 300w, https:\/\/wp.ola-stromberg.se\/wp-content\/uploads\/2026\/02\/SS2-3-1-768x576.jpg 768w, https:\/\/wp.ola-stromberg.se\/wp-content\/uploads\/2026\/02\/SS2-3-1-1536x1152.jpg 1536w, https:\/\/wp.ola-stromberg.se\/wp-content\/uploads\/2026\/02\/SS2-3-1-2048x1536.jpg 2048w\" sizes=\"auto, (max-width: 1024px) 100vw, 1024px\" \/><\/figure>\n\n\n\n<figure class=\"wp-block-image size-large\"><img loading=\"lazy\" decoding=\"async\" width=\"1024\" height=\"809\" data-id=\"1401\" src=\"https:\/\/ola-stromberg.se\/wp-content\/uploads\/2026\/02\/SS2-4-1-1024x809.jpg\" alt=\"\" class=\"wp-image-1401\" srcset=\"https:\/\/wp.ola-stromberg.se\/wp-content\/uploads\/2026\/02\/SS2-4-1-1024x809.jpg 1024w, https:\/\/wp.ola-stromberg.se\/wp-content\/uploads\/2026\/02\/SS2-4-1-300x237.jpg 300w, https:\/\/wp.ola-stromberg.se\/wp-content\/uploads\/2026\/02\/SS2-4-1-768x607.jpg 768w, https:\/\/wp.ola-stromberg.se\/wp-content\/uploads\/2026\/02\/SS2-4-1-1536x1214.jpg 1536w, https:\/\/wp.ola-stromberg.se\/wp-content\/uploads\/2026\/02\/SS2-4-1-2048x1618.jpg 2048w\" sizes=\"auto, (max-width: 1024px) 100vw, 1024px\" \/><figcaption class=\"wp-element-caption\">Michael Lindberg hade \u00e5kt de tretton milen fr\u00e5n Edsbyn far att ute i kylan heja p\u00e5 oss sukka\u00e5kare.<\/figcaption><\/figure>\n<\/figure>\n\n\n\n<p>  V\u00e4l i m\u00e5l efter en v\u00e4ldigt kall, solig, r\u00f6rig och rolig t\u00e4vling s\u00e5 kunde vi konstatera att det inte fanns n\u00e5gon transporttidtagning \u00f6ver huvud taget, utan bara en maxtid. Klockorna vi aldrig hade sett fick vi nu f\u00f6rklarat f\u00f6r oss. Den tidiga starten bad man om urs\u00e4kt f\u00f6r. S\u00e5 s\u00e5 h\u00e4r i efterhand s\u00e5 hade vi f\u00e5tt uppleva ett mycket enkelt och effektivt t\u00e4vlingsuppl\u00e4gg som vi gillar.<\/p>\n\n\n\n<figure class=\"wp-block-image size-full\"><img loading=\"lazy\" decoding=\"async\" width=\"600\" height=\"410\" src=\"https:\/\/ola-stromberg.se\/wp-content\/uploads\/2026\/02\/resultat_Sveg.png\" alt=\"\" class=\"wp-image-1404\" srcset=\"https:\/\/wp.ola-stromberg.se\/wp-content\/uploads\/2026\/02\/resultat_Sveg.png 600w, https:\/\/wp.ola-stromberg.se\/wp-content\/uploads\/2026\/02\/resultat_Sveg-300x205.png 300w\" sizes=\"auto, (max-width: 600px) 100vw, 600px\" \/><figcaption class=\"wp-element-caption\">Av n\u00e5gon underlig anledning och tack vare andras otur s\u00e5 slutade vi \u00e4nd\u00e5 trea bakom mera m\u00e4nskliga Lucas Axelsson\/Viktor Larsson. Det \u00e4r vi n\u00f6jda med. Johnsen\/Jacobsson \u00e4r helt enkelt suver\u00e4na.<\/figcaption><\/figure>\n\n\n\n<figure class=\"wp-block-image size-large\"><img loading=\"lazy\" decoding=\"async\" width=\"1024\" height=\"676\" src=\"https:\/\/ola-stromberg.se\/wp-content\/uploads\/2026\/02\/tabell-3-1024x676.jpg\" alt=\"\" class=\"wp-image-1376\" srcset=\"https:\/\/wp.ola-stromberg.se\/wp-content\/uploads\/2026\/02\/tabell-3-1024x676.jpg 1024w, https:\/\/wp.ola-stromberg.se\/wp-content\/uploads\/2026\/02\/tabell-3-300x198.jpg 300w, https:\/\/wp.ola-stromberg.se\/wp-content\/uploads\/2026\/02\/tabell-3-768x507.jpg 768w, https:\/\/wp.ola-stromberg.se\/wp-content\/uploads\/2026\/02\/tabell-3.jpg 1179w\" sizes=\"auto, (max-width: 1024px) 100vw, 1024px\" \/><figcaption class=\"wp-element-caption\">Lite h\u00e4ftigt att Lucas Carlsson\/Robin Norling fick lika m\u00e5nga po\u00e4ng som jag och Brittmarie trots att vi slutade trea och de fyra. Inte mer \u00e4n r\u00e4ttvist d\u00e5 de var snabbare p\u00e5 str\u00e4ckorna \u00e4n oss utom en. S\u00e5 funkar v\u00e5rt grymma po\u00e4ngsystem.<\/figcaption><\/figure>\n\n\n\n<p>Vill ni se incar fr\u00e5n t\u00e4vlinge s\u00e5 finns de h\u00e4r:<br><a href=\"https:\/\/ontheside.com\/episode\/ola_stromberg\/harjedalsbrickan-26-ss2\">https:\/\/ontheside.com\/episode\/ola_stromberg\/harjedalsbrickan-26-ss2<\/a><br><a href=\"https:\/\/ontheside.com\/episode\/ola_stromberg\/p981-harjedalsbrickan-26-ss3\">https:\/\/ontheside.com\/episode\/ola_stromberg\/p981-harjedalsbrickan-26-ss3<\/a><\/p>\n\n\n\n<p> N\u00e4sta delt\u00e4vling #3 \u00e4r <strong>Vilda Ryd racet<\/strong> i just Sm\u00e5l\u00e4ndska Ryd den 25:e April.<\/p>\n\n\n\n<p> <\/p>\n","protected":false},"excerpt":{"rendered":"<p>H\u00e4rjedalsbrickan 2026-02-14 Det tog hela dagen att k\u00f6ra de 37 milen upp till Sveg men d\u00e5 gjorde vi en avstickare till Jan-Erik i Sukkafabriken, Bl\u00f6tberget och hann \u00e4ven med att k\u00e4ka semlor p\u00e5 Biltema d\u00e4r i Ludvika. V\u00e4l framme hittade &hellip; <a href=\"https:\/\/wp.ola-stromberg.se\/index.php\/2026\/02\/20\/ledning-efter-vintersasongen\/\">Forts\u00e4tt l\u00e4sa <span class=\"meta-nav\">&rarr;<\/span><\/a><\/p>\n","protected":false},"author":1,"featured_media":0,"comment_status":"closed","ping_status":"","sticky":false,"template":"","format":"standard","meta":{"ngg_post_thumbnail":0,"footnotes":""},"categories":[1],"tags":[],"class_list":["post-1375","post","type-post","status-publish","format-standard","hentry","category-okategoriserade"],"_links":{"self":[{"href":"https:\/\/wp.ola-stromberg.se\/index.php\/wp-json\/wp\/v2\/posts\/1375","targetHints":{"allow":["GET"]}}],"collection":[{"href":"https:\/\/wp.ola-stromberg.se\/index.php\/wp-json\/wp\/v2\/posts"}],"about":[{"href":"https:\/\/wp.ola-stromberg.se\/index.php\/wp-json\/wp\/v2\/types\/post"}],"author":[{"embeddable":true,"href":"https:\/\/wp.ola-stromberg.se\/index.php\/wp-json\/wp\/v2\/users\/1"}],"replies":[{"embeddable":true,"href":"https:\/\/wp.ola-stromberg.se\/index.php\/wp-json\/wp\/v2\/comments?post=1375"}],"version-history":[{"count":1,"href":"https:\/\/wp.ola-stromberg.se\/index.php\/wp-json\/wp\/v2\/posts\/1375\/revisions"}],"predecessor-version":[{"id":1405,"href":"https:\/\/wp.ola-stromberg.se\/index.php\/wp-json\/wp\/v2\/posts\/1375\/revisions\/1405"}],"wp:attachment":[{"href":"https:\/\/wp.ola-stromberg.se\/index.php\/wp-json\/wp\/v2\/media?parent=1375"}],"wp:term":[{"taxonomy":"category","embeddable":true,"href":"https:\/\/wp.ola-stromberg.se\/index.php\/wp-json\/wp\/v2\/categories?post=1375"},{"taxonomy":"post_tag","embeddable":true,"href":"https:\/\/wp.ola-stromberg.se\/index.php\/wp-json\/wp\/v2\/tags?post=1375"}],"curies":[{"name":"wp","href":"https:\/\/api.w.org\/{rel}","templated":true}]}}